[{"@context":"https:\/\/schema.org\/","@type":"Article","@id":"https:\/\/www.chnj.cz\/co-takhle-dvoubarevne-tricko\/#Article","mainEntityOfPage":"https:\/\/www.chnj.cz\/co-takhle-dvoubarevne-tricko\/","headline":"Co takhle dvoubarevn\u00e9 tri\u010dko?","name":"Co takhle dvoubarevn\u00e9 tri\u010dko?","description":"Pokud m\u00e1 n\u011bco mnoho lid\u00ed r\u00e1do, je to dvoubarevn\u00e9 oble\u010den\u00ed. Najdou se lid\u00e9, kte\u0159\u00ed by si n\u011bco takov\u00e9ho nikdy nepo\u0159\u00eddili, ale najdou se i ti, kte\u0159\u00ed maj\u00ed n\u011bco takov\u00e9ho r\u00e1di a v\u00ed, \u017ee jim n\u011bco takov\u00e9ho slu\u0161\u00ed mnohem v\u00edce, ne\u017e jednobarevn\u00e9 oble\u010den\u00ed, kter\u00e9 mnohdy pova\u017euj\u00ed za nudn\u00e9. Pokud u\u017e dlouho chcete obm\u011bnit v\u00e1\u0161 \u0161atn\u00edk, m\u011bli ... <a href=\"https:\/\/www.chnj.cz\/co-takhle-dvoubarevne-tricko\/\" class=\"more-link\">P\u0159e\u010d\u00edst<span class=\"screen-reader-text\"> \"Co takhle dvoubarevn\u00e9 tri\u010dko?\"<\/span> &raquo;<\/a>","datePublished":"2024-02-26","dateModified":"2024-03-26","author":{"@type":"Person","@id":"https:\/\/www.chnj.cz\/author\/devene\/#Person","name":"devene","url":"https:\/\/www.chnj.cz\/author\/devene\/","identifier":1,"image":{"@type":"ImageObject","@id":"https:\/\/secure.gravatar.com\/avatar\/bbaa4e9a58aac4329fe0ade0f3fb816f09f0dc43c21f6e884dccfbc124b16b29?s=96&d=mm&r=g","url":"https:\/\/secure.gravatar.com\/avatar\/bbaa4e9a58aac4329fe0ade0f3fb816f09f0dc43c21f6e884dccfbc124b16b29?s=96&d=mm&r=g","height":96,"width":96}},"publisher":{"@type":"Organization","name":"chnj.cz","logo":{"@type":"ImageObject","@id":"\/logo.png","url":"\/logo.png","width":600,"height":60}},"image":{"@type":"ImageObject","@id":"https:\/\/www.chnj.cz\/wp-content\/uploads\/whirl-705069_1280.jpg","url":"https:\/\/www.chnj.cz\/wp-content\/uploads\/whirl-705069_1280.jpg","height":0,"width":0},"url":"https:\/\/www.chnj.cz\/co-takhle-dvoubarevne-tricko\/","about":["V\u00fdrobky"],"wordCount":434,"articleBody":"      Pokud m\u00e1 n\u011bco mnoho lid\u00ed r\u00e1do, je to dvoubarevn\u00e9 oble\u010den\u00ed. Najdou se lid\u00e9, kte\u0159\u00ed by si n\u011bco takov\u00e9ho nikdy nepo\u0159\u00eddili, ale najdou se i ti, kte\u0159\u00ed maj\u00ed n\u011bco takov\u00e9ho r\u00e1di a v\u00ed, \u017ee jim n\u011bco takov\u00e9ho slu\u0161\u00ed mnohem v\u00edce, ne\u017e jednobarevn\u00e9 oble\u010den\u00ed, kter\u00e9 mnohdy pova\u017euj\u00ed za nudn\u00e9.Pokud u\u017e dlouho chcete obm\u011bnit v\u00e1\u0161 \u0161atn\u00edk, m\u011bli byste ud\u011blat to, \u017ee se pod\u00edv\u00e1te nap\u0159\u00edklad na triko p\u00e1nsk\u00e9 dvoubarevn\u00e9 HIT v\u00fdprodej. Je mo\u017en\u00e9, \u017ee zde objev\u00edte n\u011bco, co by v\u00e1m mohlo slu\u0161et a co vypad\u00e1 p\u0159esn\u011b tak, jako v\u011bci, kter\u00e9 nos\u00edte.I vy m\u00e1te mo\u017enost m\u00edt dvoubarevn\u00e9 tri\u010dko, kter\u00e9 v\u00e1m bude slu\u0161et a ve kter\u00e9m se nebudete styd\u011bt vyj\u00edt ven.Rozhodn\u011b existuj\u00ed kousky, kter\u00e9 by nem\u011bl nosit nikdo, jeliko\u017e to v\u016fbec nevypad\u00e1 dob\u0159e. Pokud se ale pod\u00edv\u00e1te po dvoubarevn\u00fdch v\u011bcech, kter\u00e9 jsou modern\u00ed, ur\u010dit\u011b se nemus\u00edte b\u00e1t toho, \u017ee by se v\u00e1m n\u011bkdo sm\u00e1l kv\u016fli tomu, co m\u00e1te zrovna na sob\u011b.Rozhodn\u011b se najdou lid\u00e9, kte\u0159\u00ed se druh\u00fdm posm\u00edvaj\u00ed za to, co nos\u00ed. Pokud se chcete n\u011b\u010demu takov\u00e9mu vyhnout, bylo by dobr\u00e9, abyste zkusili obm\u011bnit v\u00e1\u0161 \u0161atn\u00edk.Jestli\u017ee ve sv\u00e9m \u0161atn\u00edku m\u00e1te dvoubarevn\u00e9 v\u011bci, kter\u00e9 byly modern\u00ed p\u0159ed deseti lety, bylo by mo\u017en\u00e1 dobr\u00e9, pokud byste ud\u011blali zm\u011bnu a dan\u00e9 v\u011bci vym\u011bnili za nov\u00e9.Ka\u017ed\u00fd \u010dlov\u011bk m\u016f\u017ee m\u00edt ve sv\u00e9 sk\u0159\u00edni jen to nejlep\u0161\u00ed a nejmodern\u011bj\u0161\u00ed. Sta\u010d\u00ed se jen pod\u00edvat na to, co je aktu\u00e1ln\u011b nab\u00edzeno v obchodech s oble\u010den\u00edm.Pokud s \u010dlov\u011bku nic nepoda\u0159\u00ed sehnat v obchodech s oble\u010den\u00edm, je dal\u0161\u00ed mo\u017enost\u00ed nakoupit si vhodn\u00e9 oble\u010den\u00ed p\u0159es internet.Dnes je opravdu spousta mo\u017enost\u00ed, tak\u017ee se \u010dlov\u011bk ur\u010dit\u011b nemus\u00ed ni\u010deho ob\u00e1vat. Uvid\u00edte, \u017ee i vy na konec m\u016f\u017eete m\u00edt p\u011bkn\u00fd \u0161atn\u00edk.Ur\u010dit\u011b by se \u010dlov\u011bk nem\u011bl dvoubarevn\u00fdch v\u011bc\u00ed b\u00e1t, proto\u017ee pokud to um\u00ed \u010dlov\u011bk dob\u0159e zkombinovat, pak nemus\u00ed nic vypadat tak hrozn\u011b, jak se mohlo na prvn\u00ed pohled zd\u00e1t.Nad kombinac\u00ed ur\u010dit\u00fdch v\u011bc\u00ed je ale pot\u0159eba se zamyslet. Pokud se zamysl\u00edte, pak se jist\u011b nebudete pot\u00fdkat se \u017e\u00e1dn\u00fdm probl\u00e9mem.                                                                                                                                                                                                                                                                                                                                                                                                  "},{"@context":"https:\/\/schema.org\/","@type":"BreadcrumbList","itemListElement":[{"@type":"ListItem","position":1,"name":"Co takhle dvoubarevn\u00e9 tri\u010dko?","item":"https:\/\/www.chnj.cz\/co-takhle-dvoubarevne-tricko\/#breadcrumbitem"}]}]