[{"@context":"https:\/\/schema.org\/","@type":"Article","@id":"https:\/\/www.chnj.cz\/moje-dovolena\/#Article","mainEntityOfPage":"https:\/\/www.chnj.cz\/moje-dovolena\/","headline":"Moje dovolen\u00e1","name":"Moje dovolen\u00e1","description":"Pat\u0159\u00edm k t\u011bm lidem, kte\u0159\u00ed moc r\u00e1di cestuj\u00ed. Opravdu se nedok\u00e1\u017e\u00ed p\u0159edstavit jeden rok, \u017ee bych nikam necestovala. Proto\u017ee jsem na to u\u017e zvykl\u00e1 odmali\u010dka. A kdy\u017e mi pr\u00fd byly asi dva nebo t\u0159i roky, tak jsem pr\u00fd s rodi\u010di u\u017e byla dvakr\u00e1t v Chorvatsku. Je to docela skv\u011bl\u00e9, proto\u017ee si tak\u00e9 pamatuji na r\u016fzn\u00e9 ... <a href=\"https:\/\/www.chnj.cz\/moje-dovolena\/\" class=\"more-link\">P\u0159e\u010d\u00edst<span class=\"screen-reader-text\"> \"Moje dovolen\u00e1\"<\/span> &raquo;<\/a>","datePublished":"2022-10-18","dateModified":"2023-04-25","author":{"@type":"Person","@id":"https:\/\/www.chnj.cz\/author\/devene\/#Person","name":"devene","url":"https:\/\/www.chnj.cz\/author\/devene\/","identifier":1,"image":{"@type":"ImageObject","@id":"https:\/\/secure.gravatar.com\/avatar\/bbaa4e9a58aac4329fe0ade0f3fb816f09f0dc43c21f6e884dccfbc124b16b29?s=96&d=mm&r=g","url":"https:\/\/secure.gravatar.com\/avatar\/bbaa4e9a58aac4329fe0ade0f3fb816f09f0dc43c21f6e884dccfbc124b16b29?s=96&d=mm&r=g","height":96,"width":96}},"publisher":{"@type":"Organization","name":"chnj.cz","logo":{"@type":"ImageObject","@id":"\/logo.png","url":"\/logo.png","width":600,"height":60}},"image":{"@type":"ImageObject","@id":"https:\/\/www.chnj.cz\/wp-content\/uploads\/polynesia-3021072_960_720_4.jpg","url":"https:\/\/www.chnj.cz\/wp-content\/uploads\/polynesia-3021072_960_720_4.jpg","height":0,"width":0},"url":"https:\/\/www.chnj.cz\/moje-dovolena\/","about":["Cestov\u00e1n\u00ed"],"wordCount":435,"articleBody":"Pat\u0159\u00edm k t\u011bm lidem, kte\u0159\u00ed moc r\u00e1di cestuj\u00ed. Opravdu se nedok\u00e1\u017e\u00ed p\u0159edstavit jeden rok, \u017ee bych nikam necestovala. Proto\u017ee jsem na to u\u017e zvykl\u00e1 odmali\u010dka. A kdy\u017e mi pr\u00fd byly asi dva nebo t\u0159i roky, tak jsem pr\u00fd s rodi\u010di u\u017e byla dvakr\u00e1t v Chorvatsku. Je to docela skv\u011bl\u00e9, proto\u017ee si tak\u00e9 pamatuji na r\u016fzn\u00e9 p\u0159\u00edb\u011bhy m\u00fdch kamar\u00e1dek, kter\u00e9 t\u0159eba poprv\u00e9 u mo\u0159e byli a\u017e t\u0159eba v deseti nebo v patn\u00e1cti letech. J\u00e1 v\u00edm, \u017ee to je docela dlouho, ale co maj\u00ed lid\u00e9 d\u011blat, kdy\u017e t\u0159eba na to nemaj\u00ed \u010das anebo pen\u00edze. Opravdu nejde to, aby ka\u017ed\u00fd si jezdil k mo\u0159i na dovolenou, jak se mu zachce. Takhle to prost\u011b nefunguje. Samoz\u0159ejm\u011b, \u017ee m\u011b to mrz\u00ed, \u017ee kdy\u017e n\u011bkdo chce jet k mo\u0159i na dovolenou a potom nem\u016f\u017ee. T\u0159eba na to nem\u00e1 pen\u00edze anebo kv\u016fli pr\u00e1ci se tam nedostanete, a proto jsem byla rodi\u010d\u016fm velice vd\u011b\u010dn\u00e1, \u017ee m\u011b v\u017edycky na slu\u017eebn\u00ed cesty brali s sebou. Moji rodi\u010de toti\u017e pracovali v takov\u00e9 pr\u00e1ci, kde alespo\u0148 p\u011btkr\u00e1t anebo i v\u00edcekr\u00e1t ro\u010dn\u011b museli jezdit na zahrani\u010dn\u00ed cesty, tak\u017ee m\u011b br\u00e1vali s sebou. A je to tak\u00e9 d\u00edky tomu nau\u010dila samostatnosti. Dok\u00e1zala jsem se u\u017e t\u0159eba v osmi letech sama zabavit, kde jsem t\u0159eba vydr\u017eela i sedm hodin bez rodi\u010d\u016f. Byla jsem na to zvykl\u00e1 a v\u016fbec nikdy mi to nevadilo, tak\u017ee jsem si \u0159ekla, \u017ee cestov\u00e1n\u00ed je vlastn\u011b moje sou\u010d\u00e1st \u017eivota. A nyn\u00ed, kdy\u017e u\u017e m\u00e1m \u0161estilet\u00e9\u00a0d\u00edt\u011b, tak u\u017e i moje \u0161estilet\u00e9 d\u00edt\u011b bylo dvakr\u00e1t v It\u00e1lii a jednou v Chorvatsku. V\u011b\u0159te mi, \u017ee cestov\u00e1n\u00ed je opravdu p\u0159\u00edjemn\u00e9 a z\u00e1bavn\u00e9. To je tak\u00e9 d\u00edky cestov\u00e1n, kdy tak\u00e9 lid\u00e9 poznaj\u00ed novou kulturu a tak\u00e9 p\u0159\u00edrodu, stejn\u011b tak jako m\u00e9 d\u00edt\u011b, kter\u00e9 u\u017e se vyzn\u00e1 v zem\u011bpise tolik, jako kdyby bylo u\u017e v sedm\u00e9 t\u0159\u00edd\u011b. A jak\u00e9 m\u00e1te vzpom\u00ednky a\u00a0zku\u0161enosti\u00a0s cestov\u00e1n\u00edm vy? M\u00e1te za\u00a0sebou\u00a0u\u017e hodn\u011b\u00a0dovolen\u00fdch\u00a0nebo dlouh\u00fdch cest? Pokud ne,\u00a0nebojte, jist\u011b k\u00a0tomu\u00a0budete m\u00edt jindy\u00a0v\u00edc\u00a0p\u0159\u00edle\u017eitost\u00ed. Cestov\u00e1n\u00ed \u010dlov\u011bku opravdu hodn\u011b pom\u016f\u017ee. Kdy\u017e je \u010dlov\u011bk odpo\u010dat\u00fd a klidn\u00fd, tak tak\u00e9 m\u00e1 lep\u0161\u00ed chu\u0165 do \u017eivota a je pak i v\u00fdkonn\u011bj\u0161\u00ed.\u00a0                                                                                                                                                                                                                                                                                                                                                                                                "},{"@context":"https:\/\/schema.org\/","@type":"BreadcrumbList","itemListElement":[{"@type":"ListItem","position":1,"name":"Moje dovolen\u00e1","item":"https:\/\/www.chnj.cz\/moje-dovolena\/#breadcrumbitem"}]}]