[{"@context":"https:\/\/schema.org\/","@type":"Article","@id":"https:\/\/www.chnj.cz\/na-co-pri-stehovani-bytu-v-praze-obcas-zapominame\/#Article","mainEntityOfPage":"https:\/\/www.chnj.cz\/na-co-pri-stehovani-bytu-v-praze-obcas-zapominame\/","headline":"Na co p\u0159i st\u011bhov\u00e1n\u00ed bytu v Praze ob\u010das zapom\u00edn\u00e1me","name":"Na co p\u0159i st\u011bhov\u00e1n\u00ed bytu v Praze ob\u010das zapom\u00edn\u00e1me","description":"Na sebe \u2013 st\u011bhov\u00e1n\u00ed pat\u0159\u00ed k nejn\u00e1ro\u010dn\u011bj\u0161\u00edm \u017eivotn\u00edm akc\u00edm a vzhledem k zna\u010dn\u00e9mu rozsahu \u010dinnost\u00ed se snadno m\u016f\u017ee st\u00e1t, \u017ee v n\u00e1valu pr\u00e1ce prost\u011b zapomeneme na sebe. Nehl\u00edd\u00e1me si pitn\u00fd re\u017eim, a zejm\u00e9na v tepl\u00e9m po\u010das\u00ed jsme pak dehydrovan\u00ed a p\u0159eh\u0159\u00e1t\u00ed. Snadno se pak objev\u00ed \u00fapal nebo \u00fa\u017eeh p\u0159i del\u0161\u00edm pobytu na Slunci, a tak ... <a href=\"https:\/\/www.chnj.cz\/na-co-pri-stehovani-bytu-v-praze-obcas-zapominame\/\" class=\"more-link\">P\u0159e\u010d\u00edst<span class=\"screen-reader-text\"> \"Na co p\u0159i st\u011bhov\u00e1n\u00ed bytu v Praze ob\u010das zapom\u00edn\u00e1me\"<\/span> &raquo;<\/a>","datePublished":"2024-02-19","dateModified":"2024-03-20","author":{"@type":"Person","@id":"https:\/\/www.chnj.cz\/author\/devene\/#Person","name":"devene","url":"https:\/\/www.chnj.cz\/author\/devene\/","identifier":1,"image":{"@type":"ImageObject","@id":"https:\/\/secure.gravatar.com\/avatar\/bbaa4e9a58aac4329fe0ade0f3fb816f09f0dc43c21f6e884dccfbc124b16b29?s=96&d=mm&r=g","url":"https:\/\/secure.gravatar.com\/avatar\/bbaa4e9a58aac4329fe0ade0f3fb816f09f0dc43c21f6e884dccfbc124b16b29?s=96&d=mm&r=g","height":96,"width":96}},"publisher":{"@type":"Organization","name":"chnj.cz","logo":{"@type":"ImageObject","@id":"\/logo.png","url":"\/logo.png","width":600,"height":60}},"image":{"@type":"ImageObject","@id":"https:\/\/www.chnj.cz\/wp-content\/uploads\/nursery-1078923_640_3.jpg","url":"https:\/\/www.chnj.cz\/wp-content\/uploads\/nursery-1078923_640_3.jpg","height":0,"width":0},"url":"https:\/\/www.chnj.cz\/na-co-pri-stehovani-bytu-v-praze-obcas-zapominame\/","about":["Podnik\u00e1n\u00ed"],"wordCount":437,"articleBody":"   Na sebe \u2013 st\u011bhov\u00e1n\u00ed pat\u0159\u00ed k nejn\u00e1ro\u010dn\u011bj\u0161\u00edm \u017eivotn\u00edm akc\u00edm a vzhledem k zna\u010dn\u00e9mu rozsahu \u010dinnost\u00ed se snadno m\u016f\u017ee st\u00e1t, \u017ee v n\u00e1valu pr\u00e1ce prost\u011b zapomeneme na sebe. Nehl\u00edd\u00e1me si pitn\u00fd re\u017eim, a zejm\u00e9na v tepl\u00e9m po\u010das\u00ed jsme pak dehydrovan\u00ed a p\u0159eh\u0159\u00e1t\u00ed. Snadno se pak objev\u00ed \u00fapal nebo \u00fa\u017eeh p\u0159i del\u0161\u00edm pobytu na Slunci, a tak nezapom\u00ednejte tak\u00e9 na sebe. Chce to chv\u00edli si sednout a odpo\u010dinout, dop\u0159\u00e1t si dobrou sva\u010dinu, j\u00edt se projet na kole nebo zaj\u00edt do restaurace na ve\u010de\u0159i.Na d\u011bti a zv\u00ed\u0159ata \u2013 p\u0159i st\u011bhov\u00e1n\u00ed bytu v Praze by m\u011bly b\u00fdt d\u011bti, sta\u0159\u00ed lid\u00e9, dom\u00e1c\u00ed zv\u00ed\u0159ata a pokojov\u00e9 rostliny na prvn\u00edm m\u00edst\u011b, teprve pak se v\u011bnujte tomu ostatn\u00edmu. Jsou to \u017eiv\u00e9 bytosti a to, co je ne\u017eiv\u00e9, m\u016f\u017ee klidn\u011b chv\u00edli po\u010dkat. Sna\u017ete se rozd\u011blit navz\u00e1jem \u00fakoly, t\u00edm se ka\u017ed\u00fd zabav\u00ed, bude m\u00edt osobn\u00ed zodpov\u011bdnost za sv\u016fj \u00fasek a bude se v\u00e1m pak i l\u00e9pe komunikovat. Nenech\u00e1vejte d\u011bti a seniory n\u011bkde zastr\u010den\u00e9 v koutku, budou m\u00edt pocit, \u017ee jsou na vedlej\u0161\u00ed koleji.Na parkov\u00e1n\u00ed \u2013 zejm\u00e9na tam, kde se za parkov\u00e1n\u00ed plat\u00ed, nezapome\u0148te zajistit parkovac\u00ed m\u00edsto nejen pro sebe, ale i pro st\u011bhovac\u00ed v\u016fz. T\u00fdk\u00e1 se to nap\u0159\u00edklad Prahy, a jestli\u017ee se chcete vyhnout velk\u00e9mu mal\u00e9ru, pak zaji\u0161\u0165ujte parkov\u00e1n\u00ed pro st\u011bhov\u00e1ky alespo\u0148 p\u011bt t\u00fddn\u016f p\u0159edem. \u00da\u0159edn\u00edci na magistr\u00e1tu maj\u00ed cel\u00fd m\u011bs\u00edc na vy\u0159\u00edzen\u00ed parkovac\u00edho m\u00edsta. M\u011bli byste tak\u00e9 ji\u017e p\u0159edem v\u011bd\u011bt, jak velk\u00fd st\u011bhovac\u00ed v\u016fz budou m\u00edt st\u011bhov\u00e1ci k dispozici, abyste podle toho vy\u0159izovali \u017e\u00e1dost o parkov\u00e1n\u00ed.Na balic\u00ed materi\u00e1l \u2013 kdo spol\u00e9h\u00e1 na star\u00e9 \u010dasopisy, m\u016f\u017ee b\u00fdt trpce zklam\u00e1n t\u00edm, co se stane p\u0159i balen\u00ed v\u011bc\u00ed do kartonov\u00fdch krabic. Tiska\u0159sk\u00e1 barva nejen, \u017ee siln\u011b p\u00e1chne, ale je i toxick\u00e1 a barv\u00ed. M\u016f\u017ee v\u00e1m nevratn\u011b obarvit jak\u00fdkoli p\u0159edm\u011bt, a za ten pr\u016f\u0161vih to ur\u010dit\u011b nestoj\u00ed. Po\u0159i\u010fte si naopak v p\u0159edstihu bublinkovou a stretch f\u00f3lii, s t\u011bmito dv\u011bma materi\u00e1ly byste m\u011bli na st\u011bhov\u00e1n\u00ed, respektive balen\u00ed v\u011bc\u00ed vysta\u010dit.                                                                                                                                                                                                                                                                                                                                                                                                  "},{"@context":"https:\/\/schema.org\/","@type":"BreadcrumbList","itemListElement":[{"@type":"ListItem","position":1,"name":"Na co p\u0159i st\u011bhov\u00e1n\u00ed bytu v Praze ob\u010das zapom\u00edn\u00e1me","item":"https:\/\/www.chnj.cz\/na-co-pri-stehovani-bytu-v-praze-obcas-zapominame\/#breadcrumbitem"}]}]