[{"@context":"https:\/\/schema.org\/","@type":"Article","@id":"https:\/\/www.chnj.cz\/potrebne-spotrebice\/#Article","mainEntityOfPage":"https:\/\/www.chnj.cz\/potrebne-spotrebice\/","headline":"Pot\u0159ebn\u00e9 spot\u0159ebi\u010de","name":"Pot\u0159ebn\u00e9 spot\u0159ebi\u010de","description":"Vzpom\u00edn\u00e1m si, kdy\u017e jsme je\u0161t\u011b doma nem\u011bli t\u0159eba n\u011bjakou elektroniku. A mus\u00edm uznat, \u017ee bez\u00a0elektra\u00a0to bylo doma opravdu slo\u017eit\u00e9. A to hlavn\u011b mysl\u00edm v tom, \u017ee t\u0159eba kdy\u017e jsme m\u011bli televizi, kter\u00e1 se je\u0161t\u011b ovl\u00e1dala na d\u00e1lkov\u00e9 ovl\u00e1d\u00e1n\u00ed, tak to byl n\u011bkdy horor. A to hlavn\u011b z toho d\u016fvodu, \u017ee pr\u00e1v\u011b kdy\u017e jsme n\u011bkde ztratili ... <a href=\"https:\/\/www.chnj.cz\/potrebne-spotrebice\/\" class=\"more-link\">P\u0159e\u010d\u00edst<span class=\"screen-reader-text\"> \"Pot\u0159ebn\u00e9 spot\u0159ebi\u010de\"<\/span> &raquo;<\/a>","datePublished":"2023-02-20","dateModified":"2023-04-25","author":{"@type":"Person","@id":"https:\/\/www.chnj.cz\/author\/devene\/#Person","name":"devene","url":"https:\/\/www.chnj.cz\/author\/devene\/","identifier":1,"image":{"@type":"ImageObject","@id":"https:\/\/secure.gravatar.com\/avatar\/bbaa4e9a58aac4329fe0ade0f3fb816f09f0dc43c21f6e884dccfbc124b16b29?s=96&d=mm&r=g","url":"https:\/\/secure.gravatar.com\/avatar\/bbaa4e9a58aac4329fe0ade0f3fb816f09f0dc43c21f6e884dccfbc124b16b29?s=96&d=mm&r=g","height":96,"width":96}},"publisher":{"@type":"Organization","name":"chnj.cz","logo":{"@type":"ImageObject","@id":"\/logo.png","url":"\/logo.png","width":600,"height":60}},"image":{"@type":"ImageObject","@id":"https:\/\/www.chnj.cz\/wp-content\/uploads\/kitchen-6914223_960_720_2.jpg","url":"https:\/\/www.chnj.cz\/wp-content\/uploads\/kitchen-6914223_960_720_2.jpg","height":0,"width":0},"url":"https:\/\/www.chnj.cz\/potrebne-spotrebice\/","about":["Elektro"],"wordCount":413,"articleBody":"Vzpom\u00edn\u00e1m si, kdy\u017e jsme je\u0161t\u011b doma nem\u011bli t\u0159eba n\u011bjakou elektroniku. A mus\u00edm uznat, \u017ee bez\u00a0elektra\u00a0to bylo doma opravdu slo\u017eit\u00e9. A to hlavn\u011b mysl\u00edm v tom, \u017ee t\u0159eba kdy\u017e jsme m\u011bli televizi, kter\u00e1 se je\u0161t\u011b ovl\u00e1dala na d\u00e1lkov\u00e9 ovl\u00e1d\u00e1n\u00ed, tak to byl n\u011bkdy horor. A to hlavn\u011b z toho d\u016fvodu, \u017ee pr\u00e1v\u011b kdy\u017e jsme n\u011bkde ztratili ovlada\u010d, tak jsme byli \u00fapln\u011b ztracen\u00ed. Proto\u017ee ovl\u00e1dat televizi, kter\u00e1 je je\u0161t\u011b zastaral\u00e1 a na d\u00e1lkov\u00e9 ovl\u00e1d\u00e1n\u00ed, tak to bohu\u017eel nejde. Tak\u017ee kolikr\u00e1t jsme str\u00e1vili i p\u016fl hodiny denn\u011b, ne\u017e jsme na\u0161li d\u00e1lkov\u00e9 ovl\u00e1d\u00e1n\u00ed od na\u0161\u00ed televize. A nejhor\u0161\u00ed na tom bylo, t\u0159eba kdy\u017e p\u0159i\u0161el dom\u016f otec a cht\u011bl si z pr\u00e1ce odpo\u010dinout u televize. To v\u017edycky \u00fapln\u011b nad\u00e1val, \u017ee a\u017e j\u00e1 se sourozenci jsme cht\u011bli bre\u010det. Ani nev\u00edte, jak n\u00e1s to v\u017edycky mrzelo, kdy\u017e n\u00e1s otec vyhnal do pokoj\u016f, \u017ee jsme ztratili n\u011bkde ovlada\u010d. Potom tak\u00e9 m\u011b velice v t\u00e9 dob\u011b chyb\u011bla t\u0159eba rychlovarn\u00e1 konvice anebo\u00a0mikrovlnka. Samoz\u0159ejm\u011b, \u017ee v t\u00e9 dob\u011b jsem v\u016fbec nev\u011bd\u011bla, \u017ee to existuje. Ale pozd\u011bji, kdy\u017e jsem poznala kouzlo rychlovarn\u00e9 konvice a mikrovlnn\u00e9 trouby, tak jsem si \u0159ekla, \u017ee pro\u010d to n\u011bjac\u00ed v\u011bdci nemohli vyvinout d\u0159\u00edv. V\u017edy\u0165 by to usnadnilo tolik pr\u00e1ce v ka\u017ed\u00e9 rodin\u011b, \u017ee by se to ani nedalo spo\u010d\u00edtat. Proto jsem r\u00e1da, \u017ee u\u017e nyn\u00ed v takov\u00e9 lep\u0161\u00ed dob\u011b, \u017ee je opravdu v\u00edce\u00a0elektra\u00a0a v\u00edce techniky, kter\u00e1 lidem usnad\u0148uj\u00ed \u017eivot. A co t\u0159eba bud\u00edk nebo pra\u010dka? \u0158eknu v\u00e1m, \u017ee t\u0159eba nap\u0159\u00edklad bez pra\u010dky a osobn\u011b bych se nedok\u00e1zala obej\u00edt, proto\u017ee m\u00e1m \u010dty\u0159i mal\u00e9 d\u011bti, tak\u017ee jist\u011b ch\u00e1pete, \u017ee mus\u00edm velice \u010dasto pr\u00e1t \u0161pinav\u00e9 pr\u00e1dlo. Taky m\u00e1te n\u011bco tak moc\u00a0obl\u00edben\u00e9ho, bez \u010deho byste se v\u016fbec neobe\u0161li?\u00a0Co\u00a0t\u0159eba lednice? Tak\u00e9 jsme u\u017e o tom p\u0159em\u00fd\u0161lela, \u017ee kdybych nemohla m\u00edt\u00a0lednici, tak nev\u00edm, kde bych uchov\u00e1vala\u00a0potraviny, aby se nezkazily. Co t\u0159eba\u00a0nanuky\u00a0nebo jogurty \u010di maso? Uzn\u00e1v\u00e1m, \u017ee bych byla jist\u011b moc ztracen\u00e1 a bezradn\u00e1.                                                                                                                                                                                                                                                                                                                                                                                                "},{"@context":"https:\/\/schema.org\/","@type":"BreadcrumbList","itemListElement":[{"@type":"ListItem","position":1,"name":"Pot\u0159ebn\u00e9 spot\u0159ebi\u010de","item":"https:\/\/www.chnj.cz\/potrebne-spotrebice\/#breadcrumbitem"}]}]